{"id":5892,"date":"2024-12-19T19:00:17","date_gmt":"2024-12-19T18:00:17","guid":{"rendered":"https:\/\/www.quecocinepeter.com\/blog\/?p=5892"},"modified":"2026-04-07T09:20:17","modified_gmt":"2026-04-07T07:20:17","slug":"como-evitar-la-perdida-de-talento","status":"publish","type":"post","link":"https:\/\/quecocinepeter.com\/blog\/como-evitar-la-perdida-de-talento\/","title":{"rendered":"\u00bfC\u00f3mo evitar la p\u00e9rdida de talento?"},"content":{"rendered":"<div style='text-align:left' class='yasr-auto-insert-visitor'><\/div><p>&nbsp;<\/p>\n<p><strong>\u00bfC\u00f3mo evitar la p\u00e9rdida de talento?<\/strong> No tiene una \u00fanica respuesta. Hay diversas maneras de evitar que el buen talento que tenemos en la oficina, ese que forma parte de la compa\u00f1\u00eda desde hace a\u00f1os o, desde hace pocos meses pero que ha demostrado su val\u00eda aportado gran valor a la empresa, decida irse. Pero para saber que es lo que nuestra empresa necesita debemos enfocarnos en que funciona mal y comunicarnos con nuestros empleados.<\/p>\n<h3>\u00bfPor qu\u00e9 los empleados se van?<\/h3>\n<p>Esta es la primera pregunta que debemos hacernos para comenzar el proceso. Qu\u00e9 esta sucediendo dentro para que todas aquellas personas decidan irse o este entre\u00a0 sus planes para los pr\u00f3ximos meses.<\/p>\n<p>Gracias a <a href=\"https:\/\/www.personio.es\/estudio-rrhh-talento-y-compromiso\/\"><strong>este<\/strong><\/a> estudio realizado por <strong>Personio,<\/strong> un software de recursos humanos, a 7.000 empleados y 3.500 responsables de RR.HH en toda Europa, podemos hacernos una idea m\u00e1s clara sobre qu\u00e9 esta pasando y c\u00f3mo poder evitarlo. En el estudio se consiguieron una serie de datos muy relevantes (en conjunto de los encuestados) entre ellos saber que el <strong>48% de los empleados afirman estar pensando en buscar un nuevo empleo en los pr\u00f3ximos 12 meses,<\/strong> adem\u00e1s, la mejora de la econom\u00eda ser\u00eda, para ellos, una motivaci\u00f3n para lanzarse a ello.<\/p>\n<p>Se consiguieron <strong>3 razones concretas<\/strong> por las que disminuye el compromiso que los empleados tienen con la compa\u00f1\u00eda:<\/p>\n<ol>\n<li>Conciliaci\u00f3n entre la vida familiar y laboral.<\/li>\n<li>Arrastrar con una carrera profesional irregular.<\/li>\n<li>Problema con la confianza en el liderazgo.<\/li>\n<\/ol>\n<p>Entre otros datos, resulta muy relevante ser conscientes de que el<strong> 33% de los encuestados aceptar\u00edan un salario m\u00e1s bajo si las tareas que llevan a cabo fueran m\u00e1s interesantes o atractivas<\/strong>. En resumen, si sintieran que lo que hacen d\u00eda a d\u00eda en su jornada, realmente les estimulara a volver el d\u00eda siguiente.<\/p>\n<h3>El rol estrat\u00e9gico de Recursos Humanos en la fidelizaci\u00f3n del talento<\/h3>\n<p>Retener el talento es igual a mantener la competitividad en el mercado actual. Una estrategia efectiva de recursos humanos puede reducir la rotaci\u00f3n de personal y potenciar el compromiso de los empleados.<\/p>\n<p>Existen una serie de medidas que se pueden llevar a cabo para adoptar evitar la p\u00e9rdida de talento:<\/p>\n<ul>\n<li><strong>La empat\u00eda y una comunicaci\u00f3n abierta:<\/strong> Escuchar a los empleados y valorarlos como se merecen es fundamental. Para estar al tanto de los problemas internos o la experiencia de nuestro cliente interno (los empleados) debemos comunicarnos con ellos. La reuniones peri\u00f3dicas y contar con canales de comunicaci\u00f3n eficiente facilitar\u00e1n este proceso.<\/li>\n<li><strong>Desarrollo profesional:<\/strong> Ofrecer oportunidades de formaci\u00f3n y planes de carreras internos, incrementa la satisfacci\u00f3n laboral y el compromiso.<\/li>\n<li><strong>Flexibilidad laboral:<\/strong> Como observaos en el estudio anterior, la conciliaci\u00f3n entre la vida personal y profesional esta entre lo m\u00e1s valorado. La flexibilidad mejora el rendimiento y la productividad en el trabajo.<\/li>\n<li><strong>Mayor reconocimiento:<\/strong> El reconocimiento y los incentivos es una manera de motivar y recompensar por su esfuerzo realizado.<\/li>\n<\/ul>\n<h4><strong>\u00bfQu\u00e9 espera el talento ante esta situaci\u00f3n?<\/strong><\/h4>\n<p>Ante esta situaci\u00f3n, el talento buscan m\u00e1s all\u00e1 que un simple salario. Esperan condiciones laborales que promuevan su desarrollo, estabilidad y bienestar. Que levantarse para ir al trabajo no les pese y que volver de la jornada no les obligue a tirarse en el sof\u00e1 por la carga mental que el d\u00eda a supuesto. Buscan comodidad, empat\u00eda, que se les trate como el gran valor que aportan a la empresa.<\/p>\n<p>&nbsp;<\/p>\n<p>Desde <strong>Que Cocine Peter<\/strong> podemos ayudarte a mejorar el ambiente laboral de tu oficina. Si buscas una nueva <strong>cantina virtual, que se encargu\u00e9 de los men\u00fas diarios de tus empleados<\/strong>, o te estas descantando por empezar a ofrecer este beneficio social, somos lo que buscas. Una cantina virtual que se adapta a las necesidades de tu empresa y que puede conseguir que retener al talento sea menos quebradero de cabeza.<\/p>\n<p><a href=\"http:\/\/quecocinepeter.com\/contacto?utm_source=blog&amp;utm_campaign=blog_to_web\"><img loading=\"lazy\" decoding=\"async\" class=\"alignnone wp-image-6652 size-full\" src=\"https:\/\/www.quecocinepeter.com\/blog\/wp-content\/uploads\/2025\/01\/Grey-Minimalist-Tips-Blog-Banner.png\" alt=\"\" width=\"1024\" height=\"150\" srcset=\"https:\/\/quecocinepeter.com\/blog\/wp-content\/uploads\/2025\/01\/Grey-Minimalist-Tips-Blog-Banner.png 1024w, https:\/\/quecocinepeter.com\/blog\/wp-content\/uploads\/2025\/01\/Grey-Minimalist-Tips-Blog-Banner-300x44.png 300w, https:\/\/quecocinepeter.com\/blog\/wp-content\/uploads\/2025\/01\/Grey-Minimalist-Tips-Blog-Banner-768x113.png 768w\" sizes=\"auto, (max-width: 480px) 160px,\r\n            (max-width: 768px) 300px,\r\n            450px\" \/><\/a><\/p>\n<p>En <a href=\"https:\/\/quecocinepeter.com\/empresas?utm_source=blog&amp;utm_campaign=blog_to_web\"><strong>este<\/strong><\/a> enlace puedes rellenar un <strong>formulario<\/strong> para acceder a m\u00e1s informaci\u00f3n o contactar por estos medios: mandando un email a <strong><a class=\"bpCpipVrrjRHIWtfjEjtbNsDescTJyo \" href=\"mailto:empresas@quecocinepeter.com\" target=\"_self\" rel=\"noopener\" data-test-app-aware-link=\"\">empresas@quecocinepeter.com<\/a><\/strong> o llamando al<strong> 644-525-102<\/strong>.<\/p>\n<p>&nbsp;<\/p>\n","protected":false},"excerpt":{"rendered":"<p>&nbsp; \u00bfC\u00f3mo evitar la p\u00e9rdida de talento? No tiene una \u00fanica respuesta. Hay diversas maneras de evitar que el buen talento que tenemos en la oficina, ese que forma parte de la compa\u00f1\u00eda desde hace a\u00f1os o, desde hace pocos meses pero que ha demostrado su val\u00eda aportado gran valor a la empresa, decida irse. [&hellip;]<\/p>\n","protected":false},"author":11,"featured_media":6728,"comment_status":"closed","ping_status":"closed","sticky":false,"template":"","format":"standard","meta":{"yasr_overall_rating":0,"yasr_post_is_review":"","yasr_auto_insert_disabled":"","yasr_review_type":"BlogPosting","footnotes":""},"categories":[1],"tags":[1640,1641,1642,1616],"class_list":["post-5892","post","type-post","status-publish","format-standard","has-post-thumbnail","hentry","category-sin-categoria","tag-perdidatalento","tag-recursos-humanos","tag-retenciontalento","tag-talento"],"yoast_head":"<!-- This site is optimized with the Yoast SEO plugin v27.4 - https:\/\/yoast.com\/product\/yoast-seo-wordpress\/ -->\r\n<title>\u00bfC\u00f3mo evitar la p\u00e9rdida de talento? - Que Cocine Peter<\/title>\r\n<meta name=\"description\" content=\"\u00bfC\u00f3mo evitar la p\u00e9rdida de talento? No tiene una \u00fanica respuesta. Hay diversas maneras de evitar que decida irse.\" \/>\r\n<meta name=\"robots\" content=\"index, follow, max-snippet:-1, max-image-preview:large, max-video-preview:-1\" \/>\r\n<link rel=\"canonical\" href=\"https:\/\/quecocinepeter.com\/blog\/como-evitar-la-perdida-de-talento\/\" \/>\r\n<meta property=\"og:locale\" content=\"es_ES\" \/>\r\n<meta property=\"og:type\" content=\"article\" \/>\r\n<meta property=\"og:title\" content=\"\u00bfC\u00f3mo evitar la p\u00e9rdida de talento? - Que Cocine Peter\" \/>\r\n<meta property=\"og:description\" content=\"\u00bfC\u00f3mo evitar la p\u00e9rdida de talento? No tiene una \u00fanica respuesta. Hay diversas maneras de evitar que decida irse.\" \/>\r\n<meta property=\"og:url\" content=\"https:\/\/quecocinepeter.com\/blog\/como-evitar-la-perdida-de-talento\/\" \/>\r\n<meta property=\"og:site_name\" content=\"Que Cocine Peter\" \/>\r\n<meta property=\"article:publisher\" content=\"https:\/\/www.facebook.com\/Que-Cocine-Peter-687097598352658\/\" \/>\r\n<meta property=\"article:published_time\" content=\"2024-12-19T18:00:17+00:00\" \/>\r\n<meta property=\"article:modified_time\" content=\"2026-04-07T07:20:17+00:00\" \/>\r\n<meta property=\"og:image\" content=\"https:\/\/quecocinepeter.com\/blog\/wp-content\/uploads\/2024\/12\/Grey-Minimalist-Tips-Blog-Banner-29.png\" \/>\r\n\t<meta property=\"og:image:width\" content=\"1024\" \/>\r\n\t<meta property=\"og:image:height\" content=\"512\" \/>\r\n\t<meta property=\"og:image:type\" content=\"image\/png\" \/>\r\n<meta name=\"author\" content=\"Elena Calder\u00f3n\" \/>\r\n<meta name=\"twitter:card\" content=\"summary_large_image\" \/>\r\n<meta name=\"twitter:creator\" content=\"@quecocinepeter\" \/>\r\n<meta name=\"twitter:site\" content=\"@quecocinepeter\" \/>\r\n<meta name=\"twitter:label1\" content=\"Escrito por\" \/>\n\t<meta name=\"twitter:data1\" content=\"Elena Calder\u00f3n\" \/>\n\t<meta name=\"twitter:label2\" content=\"Tiempo de lectura\" \/>\n\t<meta name=\"twitter:data2\" content=\"4 minutos\" \/>\r\n<!-- \/ Yoast SEO plugin. -->","yoast_head_json":{"title":"\u00bfC\u00f3mo evitar la p\u00e9rdida de talento? - Que Cocine Peter","description":"\u00bfC\u00f3mo evitar la p\u00e9rdida de talento? No tiene una \u00fanica respuesta. Hay diversas maneras de evitar que decida irse.","robots":{"index":"index","follow":"follow","max-snippet":"max-snippet:-1","max-image-preview":"max-image-preview:large","max-video-preview":"max-video-preview:-1"},"canonical":"https:\/\/quecocinepeter.com\/blog\/como-evitar-la-perdida-de-talento\/","og_locale":"es_ES","og_type":"article","og_title":"\u00bfC\u00f3mo evitar la p\u00e9rdida de talento? - Que Cocine Peter","og_description":"\u00bfC\u00f3mo evitar la p\u00e9rdida de talento? No tiene una \u00fanica respuesta. Hay diversas maneras de evitar que decida irse.","og_url":"https:\/\/quecocinepeter.com\/blog\/como-evitar-la-perdida-de-talento\/","og_site_name":"Que Cocine Peter","article_publisher":"https:\/\/www.facebook.com\/Que-Cocine-Peter-687097598352658\/","article_published_time":"2024-12-19T18:00:17+00:00","article_modified_time":"2026-04-07T07:20:17+00:00","og_image":[{"width":1024,"height":512,"url":"https:\/\/quecocinepeter.com\/blog\/wp-content\/uploads\/2024\/12\/Grey-Minimalist-Tips-Blog-Banner-29.png","type":"image\/png"}],"author":"Elena Calder\u00f3n","twitter_card":"summary_large_image","twitter_creator":"@quecocinepeter","twitter_site":"@quecocinepeter","twitter_misc":{"Escrito por":"Elena Calder\u00f3n","Tiempo de lectura":"4 minutos"},"schema":{"@context":"https:\/\/schema.org","@graph":[{"@type":"Article","@id":"https:\/\/quecocinepeter.com\/blog\/como-evitar-la-perdida-de-talento\/#article","isPartOf":{"@id":"https:\/\/quecocinepeter.com\/blog\/como-evitar-la-perdida-de-talento\/"},"author":{"name":"Elena Calder\u00f3n","@id":"https:\/\/quecocinepeter.com\/blog\/#\/schema\/person\/0845ed1de13f0aca1fe42fccdbe5d8f1"},"headline":"\u00bfC\u00f3mo evitar la p\u00e9rdida de talento?","datePublished":"2024-12-19T18:00:17+00:00","dateModified":"2026-04-07T07:20:17+00:00","mainEntityOfPage":{"@id":"https:\/\/quecocinepeter.com\/blog\/como-evitar-la-perdida-de-talento\/"},"wordCount":699,"publisher":{"@id":"https:\/\/quecocinepeter.com\/blog\/#organization"},"image":{"@id":"https:\/\/quecocinepeter.com\/blog\/como-evitar-la-perdida-de-talento\/#primaryimage"},"thumbnailUrl":"https:\/\/quecocinepeter.com\/blog\/wp-content\/uploads\/2024\/12\/Grey-Minimalist-Tips-Blog-Banner-29.png","keywords":["P\u00e9rdidatalento","Recursos Humanos","Retenci\u00f3nTalento","Talento"],"articleSection":["Blog"],"inLanguage":"es"},{"@type":"WebPage","@id":"https:\/\/quecocinepeter.com\/blog\/como-evitar-la-perdida-de-talento\/","url":"https:\/\/quecocinepeter.com\/blog\/como-evitar-la-perdida-de-talento\/","name":"\u00bfC\u00f3mo evitar la p\u00e9rdida de talento? - Que Cocine Peter","isPartOf":{"@id":"https:\/\/quecocinepeter.com\/blog\/#website"},"primaryImageOfPage":{"@id":"https:\/\/quecocinepeter.com\/blog\/como-evitar-la-perdida-de-talento\/#primaryimage"},"image":{"@id":"https:\/\/quecocinepeter.com\/blog\/como-evitar-la-perdida-de-talento\/#primaryimage"},"thumbnailUrl":"https:\/\/quecocinepeter.com\/blog\/wp-content\/uploads\/2024\/12\/Grey-Minimalist-Tips-Blog-Banner-29.png","datePublished":"2024-12-19T18:00:17+00:00","dateModified":"2026-04-07T07:20:17+00:00","description":"\u00bfC\u00f3mo evitar la p\u00e9rdida de talento? No tiene una \u00fanica respuesta. Hay diversas maneras de evitar que decida irse.","breadcrumb":{"@id":"https:\/\/quecocinepeter.com\/blog\/como-evitar-la-perdida-de-talento\/#breadcrumb"},"inLanguage":"es","potentialAction":[{"@type":"ReadAction","target":["https:\/\/quecocinepeter.com\/blog\/como-evitar-la-perdida-de-talento\/"]}]},{"@type":"ImageObject","inLanguage":"es","@id":"https:\/\/quecocinepeter.com\/blog\/como-evitar-la-perdida-de-talento\/#primaryimage","url":"https:\/\/quecocinepeter.com\/blog\/wp-content\/uploads\/2024\/12\/Grey-Minimalist-Tips-Blog-Banner-29.png","contentUrl":"https:\/\/quecocinepeter.com\/blog\/wp-content\/uploads\/2024\/12\/Grey-Minimalist-Tips-Blog-Banner-29.png","width":1024,"height":512},{"@type":"BreadcrumbList","@id":"https:\/\/quecocinepeter.com\/blog\/como-evitar-la-perdida-de-talento\/#breadcrumb","itemListElement":[{"@type":"ListItem","position":1,"name":"Portada","item":"https:\/\/quecocinepeter.com\/blog\/"},{"@type":"ListItem","position":2,"name":"\u00bfC\u00f3mo evitar la p\u00e9rdida de talento?"}]},{"@type":"WebSite","@id":"https:\/\/quecocinepeter.com\/blog\/#website","url":"https:\/\/quecocinepeter.com\/blog\/","name":"Que Cocine Peter","description":"Tu nueva cantina: digital, flexible, sin complicaciones.","publisher":{"@id":"https:\/\/quecocinepeter.com\/blog\/#organization"},"potentialAction":[{"@type":"SearchAction","target":{"@type":"EntryPoint","urlTemplate":"https:\/\/quecocinepeter.com\/blog\/?s={search_term_string}"},"query-input":{"@type":"PropertyValueSpecification","valueRequired":true,"valueName":"search_term_string"}}],"inLanguage":"es"},{"@type":"Organization","@id":"https:\/\/quecocinepeter.com\/blog\/#organization","name":"Que Cocine Peter","url":"https:\/\/quecocinepeter.com\/blog\/","logo":{"@type":"ImageObject","inLanguage":"es","@id":"https:\/\/quecocinepeter.com\/blog\/#\/schema\/logo\/image\/","url":"https:\/\/www.quecocinepeter.com\/blog\/wp-content\/uploads\/2019\/03\/logo-y-letras-verde-3.png","contentUrl":"https:\/\/www.quecocinepeter.com\/blog\/wp-content\/uploads\/2019\/03\/logo-y-letras-verde-3.png","width":1701,"height":171,"caption":"Que Cocine Peter"},"image":{"@id":"https:\/\/quecocinepeter.com\/blog\/#\/schema\/logo\/image\/"},"sameAs":["https:\/\/www.facebook.com\/Que-Cocine-Peter-687097598352658\/","https:\/\/x.com\/quecocinepeter","https:\/\/www.instagram.com\/quecocinepeter\/","https:\/\/www.linkedin.com\/company\/quecocinepeter\/"]},{"@type":"Person","@id":"https:\/\/quecocinepeter.com\/blog\/#\/schema\/person\/0845ed1de13f0aca1fe42fccdbe5d8f1","name":"Elena Calder\u00f3n","image":{"@type":"ImageObject","inLanguage":"es","@id":"https:\/\/secure.gravatar.com\/avatar\/7e55902b28858e797c48029223e1a17d899c16deb7ca3d794bcd419764ac7f54?s=96&d=mm&r=g","url":"https:\/\/secure.gravatar.com\/avatar\/7e55902b28858e797c48029223e1a17d899c16deb7ca3d794bcd419764ac7f54?s=96&d=mm&r=g","contentUrl":"https:\/\/secure.gravatar.com\/avatar\/7e55902b28858e797c48029223e1a17d899c16deb7ca3d794bcd419764ac7f54?s=96&d=mm&r=g","caption":"Elena Calder\u00f3n"},"url":"https:\/\/quecocinepeter.com\/blog\/author\/elena-calderon\/"},false]}},"yasr_visitor_votes":{"stars_attributes":{"read_only":false,"span_bottom":false},"number_of_votes":0,"sum_votes":0},"_links":{"self":[{"href":"https:\/\/quecocinepeter.com\/blog\/wp-json\/wp\/v2\/posts\/5892","targetHints":{"allow":["GET"]}}],"collection":[{"href":"https:\/\/quecocinepeter.com\/blog\/wp-json\/wp\/v2\/posts"}],"about":[{"href":"https:\/\/quecocinepeter.com\/blog\/wp-json\/wp\/v2\/types\/post"}],"author":[{"embeddable":true,"href":"https:\/\/quecocinepeter.com\/blog\/wp-json\/wp\/v2\/users\/11"}],"replies":[{"embeddable":true,"href":"https:\/\/quecocinepeter.com\/blog\/wp-json\/wp\/v2\/comments?post=5892"}],"version-history":[{"count":6,"href":"https:\/\/quecocinepeter.com\/blog\/wp-json\/wp\/v2\/posts\/5892\/revisions"}],"predecessor-version":[{"id":6838,"href":"https:\/\/quecocinepeter.com\/blog\/wp-json\/wp\/v2\/posts\/5892\/revisions\/6838"}],"wp:featuredmedia":[{"embeddable":true,"href":"https:\/\/quecocinepeter.com\/blog\/wp-json\/wp\/v2\/media\/6728"}],"wp:attachment":[{"href":"https:\/\/quecocinepeter.com\/blog\/wp-json\/wp\/v2\/media?parent=5892"}],"wp:term":[{"taxonomy":"category","embeddable":true,"href":"https:\/\/quecocinepeter.com\/blog\/wp-json\/wp\/v2\/categories?post=5892"},{"taxonomy":"post_tag","embeddable":true,"href":"https:\/\/quecocinepeter.com\/blog\/wp-json\/wp\/v2\/tags?post=5892"}],"curies":[{"name":"wp","href":"https:\/\/api.w.org\/{rel}","templated":true}]}}