{"id":6399,"date":"2025-09-11T11:31:12","date_gmt":"2025-09-11T09:31:12","guid":{"rendered":"https:\/\/www.quecocinepeter.com\/blog\/?p=6399"},"modified":"2026-04-06T14:02:35","modified_gmt":"2026-04-06T12:02:35","slug":"tu-empresa-alimenta-bien-a-sus-empleados-descubrelo","status":"publish","type":"post","link":"https:\/\/quecocinepeter.com\/blog\/tu-empresa-alimenta-bien-a-sus-empleados-descubrelo\/","title":{"rendered":"\u00bfTu empresa alimenta bien a sus empleados? Desc\u00fabrelo"},"content":{"rendered":"<div style='text-align:left' class='yasr-auto-insert-visitor'><\/div><h4 data-start=\"434\" data-end=\"690\">\u00bfTu empresa alimenta bien a sus empleados? Es una pregunta que cada vez m\u00e1s compa\u00f1\u00edas deben hacerse si quieren atraer y retener talento en un entorno laboral competitivo.<\/h4>\n<p data-start=\"434\" data-end=\"690\">La alimentaci\u00f3n laboral ya no es un tema secundario: influye en la motivaci\u00f3n, en la salud y en la productividad de los equipos.<\/p>\n<h5 data-start=\"434\" data-end=\"690\"><strong data-start=\"438\" data-end=\"520\">\u00bfPor qu\u00e9 una buena pol\u00edtica alimentaria es clave para la satisfacci\u00f3n laboral?<\/strong><\/h5>\n<p data-start=\"737\" data-end=\"1154\">Numerosos <a href=\"https:\/\/www.quecocinepeter.com\/blog\/comida-productividad-laboral\/\">estudios<\/a> demuestran que <strong>lo que comemos impacta en nuestra energ\u00eda, concentraci\u00f3n y estado de \u00e1nimo.<\/strong> Por eso, una empresa que cuida la alimentaci\u00f3n laboral no solo est\u00e1 ofreciendo un beneficio pr\u00e1ctico, sino que est\u00e1 invirtiendo en bienestar laboral.<\/p>\n<p data-start=\"1156\" data-end=\"1641\">Sin embargo, la realidad es que una pol\u00edtica alimentaria efectiva va mucho m\u00e1s all\u00e1: implica pensar en la calidad, en la variedad, en la inclusi\u00f3n y en la experiencia completa.<\/p>\n<p data-start=\"1643\" data-end=\"2096\">La forma en que una empresa gestiona las comidas laborales es un reflejo directo de su cultura y de c\u00f3mo valora a su gente. Invertir en una buena pol\u00edtica alimentaria no es un gasto, sino una <strong>herramienta estrat\u00e9gica<\/strong> para aumentar la satisfacci\u00f3n laboral, reducir el absentismo y mejorar el engagement.<\/p>\n<h5 data-start=\"692\" data-end=\"945\"><strong data-start=\"696\" data-end=\"792\">Lo m\u00ednimo que deber\u00eda ofrecer tu empresa en comidas laborales\u00a0<\/strong><\/h5>\n<p data-start=\"2426\" data-end=\"2703\">Si quieres que tu pol\u00edtica de alimentaci\u00f3n sea realmente efectiva, no basta con lo m\u00ednimo. Sin embargo, estos son los requisitos esenciales que toda empresa deber\u00eda garantizar para cumplir con las expectativas b\u00e1sicas:<\/p>\n<ul>\n<li data-start=\"2707\" data-end=\"2790\"><strong>Variedad de men\u00fas:<\/strong> evita la monoton\u00eda.<\/li>\n<li data-start=\"2793\" data-end=\"2880\"><strong>Opciones inclusivas:<\/strong> men\u00fas que respeten dietas veganas, sin gluten, sin lactosa, etc.<\/li>\n<li data-start=\"2883\" data-end=\"2966\"><strong>Horarios flexibles:<\/strong> adaptarse a las diferentes jornadas y necesidades del equipo.<\/li>\n<li data-start=\"2969\" data-end=\"3047\"><strong>Servicio fiable:<\/strong> entregas puntuales, calidad constante y buena presentaci\u00f3n.<\/li>\n<li data-start=\"3048\" data-end=\"3151\">\n<p data-start=\"3050\" data-end=\"3151\"><strong>Subvenci\u00f3n comida:<\/strong> cubrir total o parcialmente el coste para que sea un verdadero beneficio social.<\/p>\n<\/li>\n<\/ul>\n<h5 data-start=\"692\" data-end=\"945\"><strong data-start=\"951\" data-end=\"996\">Haz el test: \u00bfAlimentas bien a tu equipo?<\/strong><\/h5>\n<p data-start=\"118\" data-end=\"423\">Hazte estas preguntas para saber si tu empresa realmente ofrece una alimentaci\u00f3n laboral de calidad. Si respondes que NO a m\u00e1s de una, es momento de replantear tu estrategia.<\/p>\n<p data-start=\"427\" data-end=\"531\">\u2705 \u00bfLos empleados tienen diferentes opciones cada d\u00eda para no caer en la monoton\u00eda?<\/p>\n<p data-start=\"534\" data-end=\"667\">\u2705\u00a0 \u00bfTu pol\u00edtica alimentaria contempla dietas veganas, sin gluten, sin lactosa y otras necesidades espec\u00edficas?<\/p>\n<p data-start=\"670\" data-end=\"776\">\u2705\u00a0 \u00bfLos empleados pueden elegir qu\u00e9, cu\u00e1ndo y c\u00f3mo comer dentro de su jornada?<\/p>\n<p data-start=\"779\" data-end=\"898\">\u2705\u00a0 \u00bfEl sistema actual garantiza puntualidad, calidad y una experiencia positiva de forma constante?<\/p>\n<p data-start=\"901\" data-end=\"1024\"><strong>\u2705\u00a0<\/strong> \u00bfLa empresa cubre total o parcialmente el gasto para que sea un verdadero beneficio social?<\/p>\n<p data-start=\"901\" data-end=\"1024\"><a href=\"http:\/\/quecocinepeter.com\/como-funciona?utm_source=blog&amp;utm_campaign=blog_to_web\"><img loading=\"lazy\" decoding=\"async\" class=\"alignnone wp-image-6656 size-full\" src=\"https:\/\/www.quecocinepeter.com\/blog\/wp-content\/uploads\/2025\/01\/Grey-Minimalist-Tips-Blog-Banner-5.png\" alt=\"\" width=\"1024\" height=\"150\" srcset=\"https:\/\/quecocinepeter.com\/blog\/wp-content\/uploads\/2025\/01\/Grey-Minimalist-Tips-Blog-Banner-5.png 1024w, https:\/\/quecocinepeter.com\/blog\/wp-content\/uploads\/2025\/01\/Grey-Minimalist-Tips-Blog-Banner-5-300x44.png 300w, https:\/\/quecocinepeter.com\/blog\/wp-content\/uploads\/2025\/01\/Grey-Minimalist-Tips-Blog-Banner-5-768x113.png 768w\" sizes=\"auto, (max-width: 480px) 160px,\r\n            (max-width: 768px) 300px,\r\n            450px\" \/><\/a><\/p>\n<p data-start=\"1026\" data-end=\"1387\"><strong data-start=\"1026\" data-end=\"1054\">\u00bfCu\u00e1ntos NO has marcado?<\/strong><br data-start=\"1054\" data-end=\"1057\" \/>Si has respondido que NO a m\u00e1s de una de estas preguntas, tu empresa puede estar <strong>perdiendo oportunidades valiosas de mejorar la satisfacci\u00f3n laboral<\/strong> y, en consecuencia, la productividad y la retenci\u00f3n del talento.<\/p>\n<p data-start=\"1026\" data-end=\"1387\">Existen opciones digitales como nuestra<a href=\"https:\/\/quecocinepeter.com\/?srsltid=AfmBOoqBHgysmNT7rELk0fFCMJsBnmFTvaFxdFitUzvdyFoW8F5E5Aw4\"><strong> Cantina Digital de Que Cocine Peter,<\/strong><\/a> que permiten a las empresas ofrecer comidas variadas, personalizadas y gestionar las subvenciones sin generar cargas administrativas.<\/p>\n<p data-start=\"1981\" data-end=\"2025\"><strong data-start=\"1981\" data-end=\"2023\">Ventajas clave de una soluci\u00f3n digital<\/strong><\/p>\n<ul>\n<li data-start=\"2028\" data-end=\"2089\"><strong>Flexibilidad total:<\/strong> cada empleado elige qu\u00e9 y cu\u00e1ndo comer.<\/li>\n<li data-start=\"2092\" data-end=\"2169\"><strong>Men\u00fas variados e inclusivos:<\/strong> opciones para todas las dietas y preferencias.<\/li>\n<li data-start=\"2172\" data-end=\"2244\"><strong>Gesti\u00f3n sencilla:<\/strong> todo desde una \u00fanica plataforma personalizada.<\/li>\n<li data-start=\"2172\" data-end=\"2244\"><strong>Gesti\u00f3n de la subvenci\u00f3n:<\/strong> la empresa puede cubrir parte o todo el coste sin complicaciones.<\/li>\n<\/ul>\n<p data-start=\"2760\" data-end=\"3309\">Invertir en alimentaci\u00f3n laboral no significa \u00fanicamente dar un men\u00fa, sino crear una experiencia completa que impacte en la motivaci\u00f3n y la cultura empresarial.<\/p>\n<blockquote class=\"wp-embedded-content\" data-secret=\"xcmdiTk4Ax\"><p><a href=\"https:\/\/www.quecocinepeter.com\/blog\/los-3-errores-mas-comunes-al-subvencionar-comida-laboral\/\">Los 3 errores m\u00e1s comunes al subvencionar comida laboral<\/a><\/p><\/blockquote>\n<p><iframe loading=\"lazy\" class=\"wp-embedded-content\" sandbox=\"allow-scripts\" security=\"restricted\" style=\"position: absolute; visibility: hidden;\" title=\"\u00abLos 3 errores m\u00e1s comunes al subvencionar comida laboral\u00bb \u2014 Que Cocine Peter\" src=\"https:\/\/www.quecocinepeter.com\/blog\/los-3-errores-mas-comunes-al-subvencionar-comida-laboral\/embed\/#?secret=qoCXxu1ieQ#?secret=xcmdiTk4Ax\" data-secret=\"xcmdiTk4Ax\" width=\"600\" height=\"338\" frameborder=\"0\" marginwidth=\"0\" marginheight=\"0\" scrolling=\"no\"><\/iframe><\/p>\n<p>&nbsp;<\/p>\n","protected":false},"excerpt":{"rendered":"<p>\u00bfTu empresa alimenta bien a sus empleados? Es una pregunta que cada vez m\u00e1s compa\u00f1\u00edas deben hacerse si quieren atraer y retener talento en un entorno laboral competitivo. La alimentaci\u00f3n laboral ya no es un tema secundario: influye en la motivaci\u00f3n, en la salud y en la productividad de los equipos. \u00bfPor qu\u00e9 una buena [&hellip;]<\/p>\n","protected":false},"author":11,"featured_media":6483,"comment_status":"closed","ping_status":"closed","sticky":false,"template":"","format":"standard","meta":{"yasr_overall_rating":0,"yasr_post_is_review":"","yasr_auto_insert_disabled":"","yasr_review_type":"BlogPosting","footnotes":""},"categories":[1],"tags":[1847,1959,1714],"class_list":["post-6399","post","type-post","status-publish","format-standard","has-post-thumbnail","hentry","category-sin-categoria","tag-comida-laboral","tag-politica-alimentaria","tag-subvencion-comida"],"yoast_head":"<!-- This site is optimized with the Yoast SEO plugin v27.4 - https:\/\/yoast.com\/product\/yoast-seo-wordpress\/ -->\r\n<title>\u00bfTu empresa alimenta bien a sus empleados? Desc\u00fabrelo - Que Cocine Peter<\/title>\r\n<meta name=\"description\" content=\"\u00bfTu empresa alimenta bien a sus empleados? Es una pregunta que cada vez m\u00e1s compa\u00f1\u00edas deben hacerse si quieren atraer y retener talento en un entorno laboral competitivo.\" \/>\r\n<meta name=\"robots\" content=\"index, follow, max-snippet:-1, max-image-preview:large, max-video-preview:-1\" \/>\r\n<link rel=\"canonical\" href=\"https:\/\/quecocinepeter.com\/blog\/tu-empresa-alimenta-bien-a-sus-empleados-descubrelo\/\" \/>\r\n<meta property=\"og:locale\" content=\"es_ES\" \/>\r\n<meta property=\"og:type\" content=\"article\" \/>\r\n<meta property=\"og:title\" content=\"\u00bfTu empresa alimenta bien a sus empleados? Desc\u00fabrelo - Que Cocine Peter\" \/>\r\n<meta property=\"og:description\" content=\"\u00bfTu empresa alimenta bien a sus empleados? Es una pregunta que cada vez m\u00e1s compa\u00f1\u00edas deben hacerse si quieren atraer y retener talento en un entorno laboral competitivo.\" \/>\r\n<meta property=\"og:url\" content=\"https:\/\/quecocinepeter.com\/blog\/tu-empresa-alimenta-bien-a-sus-empleados-descubrelo\/\" \/>\r\n<meta property=\"og:site_name\" content=\"Que Cocine Peter\" \/>\r\n<meta property=\"article:publisher\" content=\"https:\/\/www.facebook.com\/Que-Cocine-Peter-687097598352658\/\" \/>\r\n<meta property=\"article:published_time\" content=\"2025-09-11T09:31:12+00:00\" \/>\r\n<meta property=\"article:modified_time\" content=\"2026-04-06T12:02:35+00:00\" \/>\r\n<meta property=\"og:image\" content=\"https:\/\/quecocinepeter.com\/blog\/wp-content\/uploads\/2025\/09\/Grey-Minimalist-Tips-Blog-Banner-8.png\" \/>\r\n\t<meta property=\"og:image:width\" content=\"1024\" \/>\r\n\t<meta property=\"og:image:height\" content=\"512\" \/>\r\n\t<meta property=\"og:image:type\" content=\"image\/png\" \/>\r\n<meta name=\"author\" content=\"Elena Calder\u00f3n\" \/>\r\n<meta name=\"twitter:card\" content=\"summary_large_image\" \/>\r\n<meta name=\"twitter:creator\" content=\"@quecocinepeter\" \/>\r\n<meta name=\"twitter:site\" content=\"@quecocinepeter\" \/>\r\n<meta name=\"twitter:label1\" content=\"Escrito por\" \/>\n\t<meta name=\"twitter:data1\" content=\"Elena Calder\u00f3n\" \/>\n\t<meta name=\"twitter:label2\" content=\"Tiempo de lectura\" \/>\n\t<meta name=\"twitter:data2\" content=\"3 minutos\" \/>\r\n<!-- \/ Yoast SEO plugin. -->","yoast_head_json":{"title":"\u00bfTu empresa alimenta bien a sus empleados? Desc\u00fabrelo - Que Cocine Peter","description":"\u00bfTu empresa alimenta bien a sus empleados? Es una pregunta que cada vez m\u00e1s compa\u00f1\u00edas deben hacerse si quieren atraer y retener talento en un entorno laboral competitivo.","robots":{"index":"index","follow":"follow","max-snippet":"max-snippet:-1","max-image-preview":"max-image-preview:large","max-video-preview":"max-video-preview:-1"},"canonical":"https:\/\/quecocinepeter.com\/blog\/tu-empresa-alimenta-bien-a-sus-empleados-descubrelo\/","og_locale":"es_ES","og_type":"article","og_title":"\u00bfTu empresa alimenta bien a sus empleados? Desc\u00fabrelo - Que Cocine Peter","og_description":"\u00bfTu empresa alimenta bien a sus empleados? Es una pregunta que cada vez m\u00e1s compa\u00f1\u00edas deben hacerse si quieren atraer y retener talento en un entorno laboral competitivo.","og_url":"https:\/\/quecocinepeter.com\/blog\/tu-empresa-alimenta-bien-a-sus-empleados-descubrelo\/","og_site_name":"Que Cocine Peter","article_publisher":"https:\/\/www.facebook.com\/Que-Cocine-Peter-687097598352658\/","article_published_time":"2025-09-11T09:31:12+00:00","article_modified_time":"2026-04-06T12:02:35+00:00","og_image":[{"width":1024,"height":512,"url":"https:\/\/quecocinepeter.com\/blog\/wp-content\/uploads\/2025\/09\/Grey-Minimalist-Tips-Blog-Banner-8.png","type":"image\/png"}],"author":"Elena Calder\u00f3n","twitter_card":"summary_large_image","twitter_creator":"@quecocinepeter","twitter_site":"@quecocinepeter","twitter_misc":{"Escrito por":"Elena Calder\u00f3n","Tiempo de lectura":"3 minutos"},"schema":{"@context":"https:\/\/schema.org","@graph":[{"@type":"Article","@id":"https:\/\/quecocinepeter.com\/blog\/tu-empresa-alimenta-bien-a-sus-empleados-descubrelo\/#article","isPartOf":{"@id":"https:\/\/quecocinepeter.com\/blog\/tu-empresa-alimenta-bien-a-sus-empleados-descubrelo\/"},"author":{"name":"Elena Calder\u00f3n","@id":"https:\/\/quecocinepeter.com\/blog\/#\/schema\/person\/0845ed1de13f0aca1fe42fccdbe5d8f1"},"headline":"\u00bfTu empresa alimenta bien a sus empleados? Desc\u00fabrelo","datePublished":"2025-09-11T09:31:12+00:00","dateModified":"2026-04-06T12:02:35+00:00","mainEntityOfPage":{"@id":"https:\/\/quecocinepeter.com\/blog\/tu-empresa-alimenta-bien-a-sus-empleados-descubrelo\/"},"wordCount":588,"publisher":{"@id":"https:\/\/quecocinepeter.com\/blog\/#organization"},"image":{"@id":"https:\/\/quecocinepeter.com\/blog\/tu-empresa-alimenta-bien-a-sus-empleados-descubrelo\/#primaryimage"},"thumbnailUrl":"https:\/\/quecocinepeter.com\/blog\/wp-content\/uploads\/2025\/09\/Grey-Minimalist-Tips-Blog-Banner-8.png","keywords":["Comida laboral","Pol\u00edtica alimentaria","Subvenci\u00f3n comida"],"articleSection":["Blog"],"inLanguage":"es"},{"@type":"WebPage","@id":"https:\/\/quecocinepeter.com\/blog\/tu-empresa-alimenta-bien-a-sus-empleados-descubrelo\/","url":"https:\/\/quecocinepeter.com\/blog\/tu-empresa-alimenta-bien-a-sus-empleados-descubrelo\/","name":"\u00bfTu empresa alimenta bien a sus empleados? Desc\u00fabrelo - Que Cocine Peter","isPartOf":{"@id":"https:\/\/quecocinepeter.com\/blog\/#website"},"primaryImageOfPage":{"@id":"https:\/\/quecocinepeter.com\/blog\/tu-empresa-alimenta-bien-a-sus-empleados-descubrelo\/#primaryimage"},"image":{"@id":"https:\/\/quecocinepeter.com\/blog\/tu-empresa-alimenta-bien-a-sus-empleados-descubrelo\/#primaryimage"},"thumbnailUrl":"https:\/\/quecocinepeter.com\/blog\/wp-content\/uploads\/2025\/09\/Grey-Minimalist-Tips-Blog-Banner-8.png","datePublished":"2025-09-11T09:31:12+00:00","dateModified":"2026-04-06T12:02:35+00:00","description":"\u00bfTu empresa alimenta bien a sus empleados? Es una pregunta que cada vez m\u00e1s compa\u00f1\u00edas deben hacerse si quieren atraer y retener talento en un entorno laboral competitivo.","breadcrumb":{"@id":"https:\/\/quecocinepeter.com\/blog\/tu-empresa-alimenta-bien-a-sus-empleados-descubrelo\/#breadcrumb"},"inLanguage":"es","potentialAction":[{"@type":"ReadAction","target":["https:\/\/quecocinepeter.com\/blog\/tu-empresa-alimenta-bien-a-sus-empleados-descubrelo\/"]}]},{"@type":"ImageObject","inLanguage":"es","@id":"https:\/\/quecocinepeter.com\/blog\/tu-empresa-alimenta-bien-a-sus-empleados-descubrelo\/#primaryimage","url":"https:\/\/quecocinepeter.com\/blog\/wp-content\/uploads\/2025\/09\/Grey-Minimalist-Tips-Blog-Banner-8.png","contentUrl":"https:\/\/quecocinepeter.com\/blog\/wp-content\/uploads\/2025\/09\/Grey-Minimalist-Tips-Blog-Banner-8.png","width":1024,"height":512,"caption":"C\u00f3mo saber si mi empresa esta alimentando bien a los empleados"},{"@type":"BreadcrumbList","@id":"https:\/\/quecocinepeter.com\/blog\/tu-empresa-alimenta-bien-a-sus-empleados-descubrelo\/#breadcrumb","itemListElement":[{"@type":"ListItem","position":1,"name":"Portada","item":"https:\/\/quecocinepeter.com\/blog\/"},{"@type":"ListItem","position":2,"name":"\u00bfTu empresa alimenta bien a sus empleados? Desc\u00fabrelo"}]},{"@type":"WebSite","@id":"https:\/\/quecocinepeter.com\/blog\/#website","url":"https:\/\/quecocinepeter.com\/blog\/","name":"Que Cocine Peter","description":"Tu nueva cantina: digital, flexible, sin complicaciones.","publisher":{"@id":"https:\/\/quecocinepeter.com\/blog\/#organization"},"potentialAction":[{"@type":"SearchAction","target":{"@type":"EntryPoint","urlTemplate":"https:\/\/quecocinepeter.com\/blog\/?s={search_term_string}"},"query-input":{"@type":"PropertyValueSpecification","valueRequired":true,"valueName":"search_term_string"}}],"inLanguage":"es"},{"@type":"Organization","@id":"https:\/\/quecocinepeter.com\/blog\/#organization","name":"Que Cocine Peter","url":"https:\/\/quecocinepeter.com\/blog\/","logo":{"@type":"ImageObject","inLanguage":"es","@id":"https:\/\/quecocinepeter.com\/blog\/#\/schema\/logo\/image\/","url":"https:\/\/www.quecocinepeter.com\/blog\/wp-content\/uploads\/2019\/03\/logo-y-letras-verde-3.png","contentUrl":"https:\/\/www.quecocinepeter.com\/blog\/wp-content\/uploads\/2019\/03\/logo-y-letras-verde-3.png","width":1701,"height":171,"caption":"Que Cocine Peter"},"image":{"@id":"https:\/\/quecocinepeter.com\/blog\/#\/schema\/logo\/image\/"},"sameAs":["https:\/\/www.facebook.com\/Que-Cocine-Peter-687097598352658\/","https:\/\/x.com\/quecocinepeter","https:\/\/www.instagram.com\/quecocinepeter\/","https:\/\/www.linkedin.com\/company\/quecocinepeter\/"]},{"@type":"Person","@id":"https:\/\/quecocinepeter.com\/blog\/#\/schema\/person\/0845ed1de13f0aca1fe42fccdbe5d8f1","name":"Elena Calder\u00f3n","image":{"@type":"ImageObject","inLanguage":"es","@id":"https:\/\/secure.gravatar.com\/avatar\/7e55902b28858e797c48029223e1a17d899c16deb7ca3d794bcd419764ac7f54?s=96&d=mm&r=g","url":"https:\/\/secure.gravatar.com\/avatar\/7e55902b28858e797c48029223e1a17d899c16deb7ca3d794bcd419764ac7f54?s=96&d=mm&r=g","contentUrl":"https:\/\/secure.gravatar.com\/avatar\/7e55902b28858e797c48029223e1a17d899c16deb7ca3d794bcd419764ac7f54?s=96&d=mm&r=g","caption":"Elena Calder\u00f3n"},"url":"https:\/\/quecocinepeter.com\/blog\/author\/elena-calderon\/"},false]}},"yasr_visitor_votes":{"stars_attributes":{"read_only":false,"span_bottom":false},"number_of_votes":0,"sum_votes":0},"_links":{"self":[{"href":"https:\/\/quecocinepeter.com\/blog\/wp-json\/wp\/v2\/posts\/6399","targetHints":{"allow":["GET"]}}],"collection":[{"href":"https:\/\/quecocinepeter.com\/blog\/wp-json\/wp\/v2\/posts"}],"about":[{"href":"https:\/\/quecocinepeter.com\/blog\/wp-json\/wp\/v2\/types\/post"}],"author":[{"embeddable":true,"href":"https:\/\/quecocinepeter.com\/blog\/wp-json\/wp\/v2\/users\/11"}],"replies":[{"embeddable":true,"href":"https:\/\/quecocinepeter.com\/blog\/wp-json\/wp\/v2\/comments?post=6399"}],"version-history":[{"count":6,"href":"https:\/\/quecocinepeter.com\/blog\/wp-json\/wp\/v2\/posts\/6399\/revisions"}],"predecessor-version":[{"id":6810,"href":"https:\/\/quecocinepeter.com\/blog\/wp-json\/wp\/v2\/posts\/6399\/revisions\/6810"}],"wp:featuredmedia":[{"embeddable":true,"href":"https:\/\/quecocinepeter.com\/blog\/wp-json\/wp\/v2\/media\/6483"}],"wp:attachment":[{"href":"https:\/\/quecocinepeter.com\/blog\/wp-json\/wp\/v2\/media?parent=6399"}],"wp:term":[{"taxonomy":"category","embeddable":true,"href":"https:\/\/quecocinepeter.com\/blog\/wp-json\/wp\/v2\/categories?post=6399"},{"taxonomy":"post_tag","embeddable":true,"href":"https:\/\/quecocinepeter.com\/blog\/wp-json\/wp\/v2\/tags?post=6399"}],"curies":[{"name":"wp","href":"https:\/\/api.w.org\/{rel}","templated":true}]}}