{"id":6900,"date":"2026-08-27T10:07:06","date_gmt":"2026-08-27T08:07:06","guid":{"rendered":"https:\/\/quecocinepeter.com\/blog\/?p=6900"},"modified":"2026-08-25T10:31:52","modified_gmt":"2026-08-25T08:31:52","slug":"menus-inclusivos-en-la-oficina","status":"publish","type":"post","link":"https:\/\/quecocinepeter.com\/blog\/menus-inclusivos-en-la-oficina\/","title":{"rendered":"Men\u00fas inclusivos en la oficina"},"content":{"rendered":"<div style='text-align:left' class='yasr-auto-insert-visitor'><\/div><p><span data-sheets-root=\"1\">En tu equipo de 25 personas, tienes: 3 veganos, 2 con intolerancia a gluten, 1 al\u00e9rgico a frutos secos, 2 sin l\u00e1cteos, 1 diab\u00e9tico que necesita control de carbohidratos.<br \/>\nSi tu catering no incluye variedad de men\u00fas, est\u00e1 fallando a 9 personas cada d\u00eda.<br \/>\n<a href=\"http:\/\/quecocinepeter.com\/contacto?utm_source=blog&amp;utm_campaign=blog_to_web\"><img loading=\"lazy\" decoding=\"async\" class=\"alignnone wp-image-6653 size-full\" src=\"https:\/\/quecocinepeter.com\/blog\/wp-content\/uploads\/2025\/01\/Grey-Minimalist-Tips-Blog-Banner-2.png\" alt=\"\" width=\"1024\" height=\"150\" srcset=\"https:\/\/quecocinepeter.com\/blog\/wp-content\/uploads\/2025\/01\/Grey-Minimalist-Tips-Blog-Banner-2.png 1024w, https:\/\/quecocinepeter.com\/blog\/wp-content\/uploads\/2025\/01\/Grey-Minimalist-Tips-Blog-Banner-2-300x44.png 300w, https:\/\/quecocinepeter.com\/blog\/wp-content\/uploads\/2025\/01\/Grey-Minimalist-Tips-Blog-Banner-2-768x113.png 768w\" sizes=\"auto, (max-width: 480px) 160px,\r\n            (max-width: 768px) 300px,\r\n            450px\" \/><\/a><br \/>\n<\/span><\/p>\n<h3><span data-sheets-root=\"1\">Tipos de restricciones y c\u00f3mo adaptarse<\/span><\/h3>\n<h4><span data-sheets-root=\"1\">Alergias alimentarias\u00a0<\/span><\/h4>\n<p><span data-sheets-root=\"1\">Al\u00e9rgenos m\u00e1s comunes: Frutos secos, mariscos, leche, huevo, cacahuete, gluten, soja<br \/>\n<\/span><\/p>\n<ol>\n<li><span data-sheets-root=\"1\">Identificar empleados con alergias antes de contratar catering<\/span><\/li>\n<li><span data-sheets-root=\"1\">Comunicar al\u00e9rgenos al proveedor<\/span><\/li>\n<li><span data-sheets-root=\"1\">Ofrecer alternativas completamente separadas (contaminacion cruzada es riesgo)<\/span><\/li>\n<li><span data-sheets-root=\"1\">Etiquetar claramente cada plato<\/span><\/li>\n<\/ol>\n<h4><span data-sheets-root=\"1\">Intolerancias alimentarias<\/span><\/h4>\n<p><span data-sheets-root=\"1\">Intolerancias comunes: Gluten, lactosa, fructosa<br \/>\n<\/span><\/p>\n<ol>\n<li><span data-sheets-root=\"1\">Ofrecer opci\u00f3n sin gluten (pan integral, pasta integral, arroz)<\/span><\/li>\n<li><span data-sheets-root=\"1\">Ofrecer opci\u00f3n sin lactosa (leche alternativa, quesos sin lactosa)<\/span><\/li>\n<li><span data-sheets-root=\"1\">Etiquetar claramente<\/span><\/li>\n<\/ol>\n<h4><span data-sheets-root=\"1\">Restricciones \u00c9ticas\/Religiosas<\/span><\/h4>\n<p><span data-sheets-root=\"1\">Ejemplos: Vegano (sin animal ni derivados), <\/span><span data-sheets-root=\"1\">Vegetariano (sin carne pero s\u00ed huevo, lactosa), <\/span><span data-sheets-root=\"1\">Halal (sin cerdo, seg\u00fan procedimiento de sacrificio), <\/span><span data-sheets-root=\"1\">Kosher (restricciones jud\u00edas)<\/span><\/p>\n<ol>\n<li><span data-sheets-root=\"1\">Ofrecer alternativa vegetariana\/vegana en cada comida<\/span><\/li>\n<li><span data-sheets-root=\"1\">Si tiene empleados halal\/kosher, buscar proveedor certificado<\/span><\/li>\n<li><span data-sheets-root=\"1\">Respetar las elecciones sin cuestionar (\u00ab\u00bfpor qu\u00e9?\u00bb)<\/span><\/li>\n<\/ol>\n<h4>Condiciones de salud<\/h4>\n<p><span data-sheets-root=\"1\">Cuando el empleado necesita dieta espec\u00edfica para manejar condici\u00f3n de salud: Diabetes, enfermedad card\u00edaca, obesidad\/sobrepeso, s\u00edndrome del intestino irritable.<br \/>\n<\/span><\/p>\n<ol>\n<li><span data-sheets-root=\"1\">Proporcionar informaci\u00f3n nutricional de cada plato<\/span><\/li>\n<li><span data-sheets-root=\"1\">Ofrecer opciones balanceadas (prote\u00edna, carbos complejos, grasa saludable)<\/span><\/li>\n<li><span data-sheets-root=\"1\">Permitir que empleado personalice (menos carbos, m\u00e1s verdura, etc.)<\/span><\/li>\n<li><span data-sheets-root=\"1\">Sin juzgar<\/span><\/li>\n<\/ol>\n<h3><span data-sheets-root=\"1\">C\u00f3mo encontrar el mejor proveedor<\/span><\/h3>\n<h4><span data-sheets-root=\"1\">Paso 1: Auditor\u00eda de Restricciones<\/span><\/h4>\n<p><span data-sheets-root=\"1\">Encuesta a equipo: \u00bfTienes alguna restricci\u00f3n diet\u00e9tica, alergia, o preferencia que necesitamos acomodar?<br \/>\nImportante: Estas preguntas deben venir de HR confidencialmente. No en p\u00fablico.<br \/>\n<\/span><\/p>\n<h4><span data-sheets-root=\"1\">Paso 2: Comunicaci\u00f3n al Catering<\/span><\/h4>\n<p><span data-sheets-root=\"1\">Proporciona lista clara de las restricciones diet\u00e9ticas en nuestro equipo.<br \/>\n<\/span><\/p>\n<h4><span data-sheets-root=\"1\">Paso 3: Etiquetado y Claridad<\/span><\/h4>\n<p><span data-sheets-root=\"1\">Cada plato debe estar etiquetado con:<br \/>\n&#8211; Ingredientes principales<br \/>\n&#8211; Al\u00e9rgenos presenets (en rojo\/bold)<br \/>\n&#8211; Opciones substituto (si aplica)<\/p>\n<p><\/span><\/p>\n<p>Elegir un proveedor capaz de adaptarse a alergias, intolerancias, preferencias alimentarias y necesidades de salud ya no es un extra: es una parte fundamental de una buena pol\u00edtica de bienestar corporativo. Cuando todos los empleados pueden disfrutar de una comida adecuada para ellos, el beneficio se nota en el ambiente, la motivaci\u00f3n y el compromiso del equipo.<\/p>\n<p>En <a href=\"https:\/\/quecocinepeter.com\/contacto\"><strong>Que Cocine Peter <\/strong><\/a>creemos que ofrecer una buena experiencia gastron\u00f3mica en la oficina no deber\u00eda ser complicado, independientemente del tama\u00f1o de la empresa. Nuestra cantina digital est\u00e1 dise\u00f1ada para que oficinas peque\u00f1as y medianas puedan ofrecer men\u00fas variados, equilibrados y adaptados a las necesidades de cada empleado, sin asumir una carga de gesti\u00f3n adicional.<\/p>\n<p><strong>\u00bfQuieres descubrir c\u00f3mo funciona?<\/strong> Ponte en contacto con nosotros y te ayudaremos a encontrar la soluci\u00f3n que mejor se adapte a tu empresa. Porque cuidar de las personas tambi\u00e9n empieza por cuidar c\u00f3mo comen cada d\u00eda.<\/p>\n","protected":false},"excerpt":{"rendered":"<p>En tu equipo de 25 personas, tienes: 3 veganos, 2 con intolerancia a gluten, 1 al\u00e9rgico a frutos secos, 2 sin l\u00e1cteos, 1 diab\u00e9tico que necesita control de carbohidratos. Si tu catering no incluye variedad de men\u00fas, est\u00e1 fallando a 9 personas cada d\u00eda. Tipos de restricciones y c\u00f3mo adaptarse Alergias alimentarias\u00a0 Al\u00e9rgenos m\u00e1s comunes: [&hellip;]<\/p>\n","protected":false},"author":11,"featured_media":6901,"comment_status":"closed","ping_status":"closed","sticky":false,"template":"","format":"standard","meta":{"yasr_overall_rating":0,"yasr_post_is_review":"","yasr_auto_insert_disabled":"","yasr_review_type":"BlogPosting","footnotes":""},"categories":[1],"tags":[],"class_list":["post-6900","post","type-post","status-publish","format-standard","has-post-thumbnail","hentry","category-sin-categoria"],"yoast_head":"<!-- This site is optimized with the Yoast SEO plugin v28.4 - https:\/\/yoast.com\/product\/yoast-seo-wordpress\/ -->\r\n<title>Men\u00fas inclusivos en la oficina - Que Cocine Peter<\/title>\r\n<meta name=\"description\" content=\"Gu\u00eda de men\u00fas inclusivos en catering corporativo. Manejo de alergias, intolerancias, dietas especiales y inclusi\u00f3n garantizada.\" \/>\r\n<meta name=\"robots\" content=\"index, follow, max-snippet:-1, max-image-preview:large, max-video-preview:-1\" \/>\r\n<link rel=\"canonical\" href=\"https:\/\/quecocinepeter.com\/blog\/menus-inclusivos-en-la-oficina\/\" \/>\r\n<meta property=\"og:locale\" content=\"es_ES\" \/>\r\n<meta property=\"og:type\" content=\"article\" \/>\r\n<meta property=\"og:title\" content=\"Men\u00fas inclusivos en la oficina - Que Cocine Peter\" \/>\r\n<meta property=\"og:description\" content=\"Gu\u00eda de men\u00fas inclusivos en catering corporativo. Manejo de alergias, intolerancias, dietas especiales y inclusi\u00f3n garantizada.\" \/>\r\n<meta property=\"og:url\" content=\"https:\/\/quecocinepeter.com\/blog\/menus-inclusivos-en-la-oficina\/\" \/>\r\n<meta property=\"og:site_name\" content=\"Que Cocine Peter\" \/>\r\n<meta property=\"article:publisher\" content=\"https:\/\/www.facebook.com\/Que-Cocine-Peter-687097598352658\/\" \/>\r\n<meta property=\"article:published_time\" content=\"2026-08-27T08:07:06+00:00\" \/>\r\n<meta property=\"og:image\" content=\"https:\/\/quecocinepeter.com\/blog\/wp-content\/uploads\/2026\/08\/Grey-Minimalist-Tips-Blog-Banner-49.png\" \/>\r\n\t<meta property=\"og:image:width\" content=\"1024\" \/>\r\n\t<meta property=\"og:image:height\" content=\"512\" \/>\r\n\t<meta property=\"og:image:type\" content=\"image\/png\" \/>\r\n<meta name=\"author\" content=\"Elena Calder\u00f3n\" \/>\r\n<meta name=\"twitter:card\" content=\"summary_large_image\" \/>\r\n<meta name=\"twitter:creator\" content=\"@quecocinepeter\" \/>\r\n<meta name=\"twitter:site\" content=\"@quecocinepeter\" \/>\r\n<meta name=\"twitter:label1\" content=\"Escrito por\" \/>\n\t<meta name=\"twitter:data1\" content=\"Elena Calder\u00f3n\" \/>\n\t<meta name=\"twitter:label2\" content=\"Tiempo de lectura\" \/>\n\t<meta name=\"twitter:data2\" content=\"3 minutos\" \/>\r\n<!-- \/ Yoast SEO plugin. -->","yoast_head_json":{"title":"Men\u00fas inclusivos en la oficina - Que Cocine Peter","description":"Gu\u00eda de men\u00fas inclusivos en catering corporativo. Manejo de alergias, intolerancias, dietas especiales y inclusi\u00f3n garantizada.","robots":{"index":"index","follow":"follow","max-snippet":"max-snippet:-1","max-image-preview":"max-image-preview:large","max-video-preview":"max-video-preview:-1"},"canonical":"https:\/\/quecocinepeter.com\/blog\/menus-inclusivos-en-la-oficina\/","og_locale":"es_ES","og_type":"article","og_title":"Men\u00fas inclusivos en la oficina - Que Cocine Peter","og_description":"Gu\u00eda de men\u00fas inclusivos en catering corporativo. Manejo de alergias, intolerancias, dietas especiales y inclusi\u00f3n garantizada.","og_url":"https:\/\/quecocinepeter.com\/blog\/menus-inclusivos-en-la-oficina\/","og_site_name":"Que Cocine Peter","article_publisher":"https:\/\/www.facebook.com\/Que-Cocine-Peter-687097598352658\/","article_published_time":"2026-08-27T08:07:06+00:00","og_image":[{"width":1024,"height":512,"url":"https:\/\/quecocinepeter.com\/blog\/wp-content\/uploads\/2026\/08\/Grey-Minimalist-Tips-Blog-Banner-49.png","type":"image\/png"}],"author":"Elena Calder\u00f3n","twitter_card":"summary_large_image","twitter_creator":"@quecocinepeter","twitter_site":"@quecocinepeter","twitter_misc":{"Escrito por":"Elena Calder\u00f3n","Tiempo de lectura":"3 minutos"},"schema":{"@context":"https:\/\/schema.org","@graph":[{"@type":"Article","@id":"https:\/\/quecocinepeter.com\/blog\/menus-inclusivos-en-la-oficina\/#article","isPartOf":{"@id":"https:\/\/quecocinepeter.com\/blog\/menus-inclusivos-en-la-oficina\/"},"author":{"name":"Elena Calder\u00f3n","@id":"https:\/\/quecocinepeter.com\/blog\/#\/schema\/person\/0845ed1de13f0aca1fe42fccdbe5d8f1"},"headline":"Men\u00fas inclusivos en la oficina","datePublished":"2026-08-27T08:07:06+00:00","mainEntityOfPage":{"@id":"https:\/\/quecocinepeter.com\/blog\/menus-inclusivos-en-la-oficina\/"},"wordCount":470,"publisher":{"@id":"https:\/\/quecocinepeter.com\/blog\/#organization"},"image":{"@id":"https:\/\/quecocinepeter.com\/blog\/menus-inclusivos-en-la-oficina\/#primaryimage"},"thumbnailUrl":"https:\/\/quecocinepeter.com\/blog\/wp-content\/uploads\/2026\/08\/Grey-Minimalist-Tips-Blog-Banner-49.png","articleSection":["Blog"],"inLanguage":"es"},{"@type":"WebPage","@id":"https:\/\/quecocinepeter.com\/blog\/menus-inclusivos-en-la-oficina\/","url":"https:\/\/quecocinepeter.com\/blog\/menus-inclusivos-en-la-oficina\/","name":"Men\u00fas inclusivos en la oficina - Que Cocine Peter","isPartOf":{"@id":"https:\/\/quecocinepeter.com\/blog\/#website"},"primaryImageOfPage":{"@id":"https:\/\/quecocinepeter.com\/blog\/menus-inclusivos-en-la-oficina\/#primaryimage"},"image":{"@id":"https:\/\/quecocinepeter.com\/blog\/menus-inclusivos-en-la-oficina\/#primaryimage"},"thumbnailUrl":"https:\/\/quecocinepeter.com\/blog\/wp-content\/uploads\/2026\/08\/Grey-Minimalist-Tips-Blog-Banner-49.png","datePublished":"2026-08-27T08:07:06+00:00","description":"Gu\u00eda de men\u00fas inclusivos en catering corporativo. Manejo de alergias, intolerancias, dietas especiales y inclusi\u00f3n garantizada.","breadcrumb":{"@id":"https:\/\/quecocinepeter.com\/blog\/menus-inclusivos-en-la-oficina\/#breadcrumb"},"inLanguage":"es","potentialAction":[{"@type":"ReadAction","target":["https:\/\/quecocinepeter.com\/blog\/menus-inclusivos-en-la-oficina\/"]}]},{"@type":"ImageObject","inLanguage":"es","@id":"https:\/\/quecocinepeter.com\/blog\/menus-inclusivos-en-la-oficina\/#primaryimage","url":"https:\/\/quecocinepeter.com\/blog\/wp-content\/uploads\/2026\/08\/Grey-Minimalist-Tips-Blog-Banner-49.png","contentUrl":"https:\/\/quecocinepeter.com\/blog\/wp-content\/uploads\/2026\/08\/Grey-Minimalist-Tips-Blog-Banner-49.png","width":1024,"height":512},{"@type":"BreadcrumbList","@id":"https:\/\/quecocinepeter.com\/blog\/menus-inclusivos-en-la-oficina\/#breadcrumb","itemListElement":[{"@type":"ListItem","position":1,"name":"Portada","item":"https:\/\/quecocinepeter.com\/blog\/"},{"@type":"ListItem","position":2,"name":"Men\u00fas inclusivos en la oficina"}]},{"@type":"WebSite","@id":"https:\/\/quecocinepeter.com\/blog\/#website","url":"https:\/\/quecocinepeter.com\/blog\/","name":"Que Cocine Peter","description":"Tu nueva cantina: digital, flexible, sin complicaciones.","publisher":{"@id":"https:\/\/quecocinepeter.com\/blog\/#organization"},"potentialAction":[{"@type":"SearchAction","target":{"@type":"EntryPoint","urlTemplate":"https:\/\/quecocinepeter.com\/blog\/?s={search_term_string}"},"query-input":{"@type":"PropertyValueSpecification","valueRequired":true,"valueName":"search_term_string"}}],"inLanguage":"es"},{"@type":"Organization","@id":"https:\/\/quecocinepeter.com\/blog\/#organization","name":"Que Cocine Peter","url":"https:\/\/quecocinepeter.com\/blog\/","logo":{"@type":"ImageObject","inLanguage":"es","@id":"https:\/\/quecocinepeter.com\/blog\/#\/schema\/logo\/image\/","url":"https:\/\/www.quecocinepeter.com\/blog\/wp-content\/uploads\/2019\/03\/logo-y-letras-verde-3.png","contentUrl":"https:\/\/www.quecocinepeter.com\/blog\/wp-content\/uploads\/2019\/03\/logo-y-letras-verde-3.png","width":1701,"height":171,"caption":"Que Cocine Peter"},"image":{"@id":"https:\/\/quecocinepeter.com\/blog\/#\/schema\/logo\/image\/"},"sameAs":["https:\/\/www.facebook.com\/Que-Cocine-Peter-687097598352658\/","https:\/\/x.com\/quecocinepeter","https:\/\/www.instagram.com\/quecocinepeter\/","https:\/\/www.linkedin.com\/company\/quecocinepeter\/"]},{"@type":"Person","@id":"https:\/\/quecocinepeter.com\/blog\/#\/schema\/person\/0845ed1de13f0aca1fe42fccdbe5d8f1","name":"Elena Calder\u00f3n","image":{"@type":"ImageObject","inLanguage":"es","@id":"https:\/\/secure.gravatar.com\/avatar\/7e55902b28858e797c48029223e1a17d899c16deb7ca3d794bcd419764ac7f54?s=96&d=mm&r=g","url":"https:\/\/secure.gravatar.com\/avatar\/7e55902b28858e797c48029223e1a17d899c16deb7ca3d794bcd419764ac7f54?s=96&d=mm&r=g","contentUrl":"https:\/\/secure.gravatar.com\/avatar\/7e55902b28858e797c48029223e1a17d899c16deb7ca3d794bcd419764ac7f54?s=96&d=mm&r=g","caption":"Elena Calder\u00f3n"},"url":"https:\/\/quecocinepeter.com\/blog\/author\/elena-calderon\/"},false]}},"yasr_visitor_votes":{"stars_attributes":{"read_only":false,"span_bottom":false},"number_of_votes":0,"sum_votes":0},"_links":{"self":[{"href":"https:\/\/quecocinepeter.com\/blog\/wp-json\/wp\/v2\/posts\/6900","targetHints":{"allow":["GET"]}}],"collection":[{"href":"https:\/\/quecocinepeter.com\/blog\/wp-json\/wp\/v2\/posts"}],"about":[{"href":"https:\/\/quecocinepeter.com\/blog\/wp-json\/wp\/v2\/types\/post"}],"author":[{"embeddable":true,"href":"https:\/\/quecocinepeter.com\/blog\/wp-json\/wp\/v2\/users\/11"}],"replies":[{"embeddable":true,"href":"https:\/\/quecocinepeter.com\/blog\/wp-json\/wp\/v2\/comments?post=6900"}],"version-history":[{"count":1,"href":"https:\/\/quecocinepeter.com\/blog\/wp-json\/wp\/v2\/posts\/6900\/revisions"}],"predecessor-version":[{"id":6902,"href":"https:\/\/quecocinepeter.com\/blog\/wp-json\/wp\/v2\/posts\/6900\/revisions\/6902"}],"wp:featuredmedia":[{"embeddable":true,"href":"https:\/\/quecocinepeter.com\/blog\/wp-json\/wp\/v2\/media\/6901"}],"wp:attachment":[{"href":"https:\/\/quecocinepeter.com\/blog\/wp-json\/wp\/v2\/media?parent=6900"}],"wp:term":[{"taxonomy":"category","embeddable":true,"href":"https:\/\/quecocinepeter.com\/blog\/wp-json\/wp\/v2\/categories?post=6900"},{"taxonomy":"post_tag","embeddable":true,"href":"https:\/\/quecocinepeter.com\/blog\/wp-json\/wp\/v2\/tags?post=6900"}],"curies":[{"name":"wp","href":"https:\/\/api.w.org\/{rel}","templated":true}]}}